[{"@context":"https:\/\/schema.org\/","@type":"Article","@id":"https:\/\/www.astrajs.cz\/zrcadlo-vaha-a-uz-i-satnik-vsechno-je-proti-nam\/#Article","mainEntityOfPage":"https:\/\/www.astrajs.cz\/zrcadlo-vaha-a-uz-i-satnik-vsechno-je-proti-nam\/","headline":"Zrcadlo, v\u00e1ha a u\u017e i \u0161atn\u00edk \u2013 v\u0161echno je proti n\u00e1m","name":"Zrcadlo, v\u00e1ha a u\u017e i \u0161atn\u00edk \u2013 v\u0161echno je proti n\u00e1m","description":"Tak to vypad\u00e1 na n\u011bjakou jinou z\u00e1vadu. Pravd\u011bpodobn\u011b to bude cht\u00edt se pod\u00edvat realit\u011b do tv\u00e1\u0159e a za\u010d\u00edt se sebou n\u011bco d\u011blat. Mo\u017en\u00e1 to nebude nejsnadn\u011bj\u0161\u00ed, ale takhle to tak\u00e9 nejde d\u00e1l. To by n\u00e1m za chv\u00edli i futra od dve\u0159\u00ed mohly b\u00fdt mal\u00e9. Tak\u017ee co te\u010f? Na\u0159\u00edd\u00edme si po\u0159\u00e1dn\u011b p\u0159\u00edsn\u00fd re\u017eim a jde se...","datePublished":"2019-09-11","dateModified":"2023-11-15","author":{"@type":"Person","@id":"https:\/\/www.astrajs.cz\/author\/#Person","name":"","url":"https:\/\/www.astrajs.cz\/author\/","identifier":1,"image":{"@type":"ImageObject","@id":"https:\/\/secure.gravatar.com\/avatar\/2a487990a452554e9d027cbab96c6e6e6d3b119f22a2b3fb9e2bcb7e021cd643?s=96&d=mm&r=g","url":"https:\/\/secure.gravatar.com\/avatar\/2a487990a452554e9d027cbab96c6e6e6d3b119f22a2b3fb9e2bcb7e021cd643?s=96&d=mm&r=g","height":96,"width":96}},"publisher":{"@type":"Organization","name":"astrajs.cz","logo":{"@type":"ImageObject","@id":"\/logo.png","url":"\/logo.png","width":600,"height":60}},"image":{"@type":"ImageObject","@id":"https:\/\/www.astrajs.cz\/wp-content\/uploads\/img_a346257_w1701_t1560234559.jpg","url":"https:\/\/www.astrajs.cz\/wp-content\/uploads\/img_a346257_w1701_t1560234559.jpg","height":0,"width":0},"url":"https:\/\/www.astrajs.cz\/zrcadlo-vaha-a-uz-i-satnik-vsechno-je-proti-nam\/","about":["Mu\u017ei"],"wordCount":452,"articleBody":"          Tak to vypad\u00e1 na n\u011bjakou jinou z\u00e1vadu. Pravd\u011bpodobn\u011b to bude cht\u00edt se pod\u00edvat realit\u011b do tv\u00e1\u0159e a za\u010d\u00edt se sebou n\u011bco d\u011blat. Mo\u017en\u00e1 to nebude nejsnadn\u011bj\u0161\u00ed, ale takhle to tak\u00e9 nejde d\u00e1l. To by n\u00e1m za chv\u00edli i futra od dve\u0159\u00ed mohly b\u00fdt mal\u00e9. Tak\u017ee co te\u010f? Na\u0159\u00edd\u00edme si po\u0159\u00e1dn\u011b p\u0159\u00edsn\u00fd re\u017eim a jde se do toho. A nejl\u00e9pe hned nastol\u00edme hladovku. No tak to by asi nebyla ta nejlep\u0161\u00ed volba, ale kdy\u017e u\u017e chce n\u011bkdo podobn\u00fd p\u0159\u00edstup, mo\u017en\u00e1 bude dobr\u00e9 vyzkou\u0161et metodu k redukci v\u00e1hy, kter\u00e1 spo\u010d\u00edv\u00e1 v rozlo\u017een\u00ed t\u00fddne. Vlastn\u011b se to jmenuje dieta 5:2 a ve skute\u010dnosti se d\u00e1 dr\u017eet i dlouhodob\u011b. Spo\u010d\u00edv\u00e1 v tom, \u017ee 5 dn\u016f se d\u00e1 j\u00edst tak n\u011bjak norm\u00e1ln\u011b a 2 dny si ut\u00e1hnout opasek. Jenom\u017ee to nemus\u00ed vyhovovat n\u011bkomu, kdo se p\u0159ej\u00edd\u00e1 nebo dokonce mus\u00ed va\u0159it pro celou rodinu, to je pak sp\u00ed\u0161 utrpen\u00ed.  Jste aktivn\u00ed a zanepr\u00e1zdn\u011bn\u00ed? Tohle by mohlo zabrat. 5 dn\u016f se stravovat pokud mo\u017eno rozumn\u011b a zdrav\u011b. \u017d\u00e1dn\u00e9 doh\u00e1n\u011bn\u00ed dn\u016f, kdy jsme museli tak trochu hladov\u011bt. Doporu\u010duje se \u010derstv\u00e1 zelenina, libov\u00e9 maso, o\u0159\u00ed\u0161ky, ryby, nemus\u00edme se vyh\u00fdbat ani ml\u00e9\u010dn\u00fdm v\u00fdrobk\u016fm. Probl\u00e9m m\u016f\u017ee p\u0159ij\u00edt v takzvan\u00fdch huben\u00fdch dnech a pokud mo\u017eno nen\u00ed v\u016fbec dobr\u00e9 si je ordinovat po sob\u011b, ale vlo\u017eit se p\u011bkn\u011b do t\u011bch norm\u00e1ln\u00edch dn\u016f. Pokud m\u00e1 n\u011bkdo pocit, \u017ee to nezvl\u00e1dne, m\u016f\u017ee si zakoupit takov\u00fd dopln\u011bk stravy, kter\u00fd mu pom\u016f\u017ee udr\u017eet \u017ealudek na uzd\u011b. Adipex retard prodej je naprosto leg\u00e1ln\u00ed a stejn\u011b tak je zn\u00e1m\u00fd jeho skv\u011bl\u00fdmi \u00fa\u010dinky a vyvol\u00e1n\u00edm pocitu sytosti. S t\u00edm se d\u00e1 zvl\u00e1dnout pak snadno i ten huben\u00fd den.   To se d\u00e1 snadno zvl\u00e1dnout Je pravdou, \u017ee dodr\u017eovat tento re\u017eim nen\u00ed nic t\u011b\u017ek\u00e9ho, jen se mus\u00ed st\u00e1le po\u010d\u00edtat kalorie. To ale zase tak\u00e9 nen\u00ed na \u0161kodu, jeliko\u017e si alespo\u0148 \u010dlov\u011bk koriguje j\u00eddlo s\u00e1m, d\u00e1le vid\u00ed, jak v\u016fbec vypad\u00e1 jeho slo\u017een\u00fd j\u00eddeln\u00ed\u010dek a mnohdy je to skute\u010dn\u011b dost \u017ealostn\u00e9. Tento re\u017eim nen\u00ed vhodn\u00fd pro ty, co maj\u00ed zdravotn\u00ed pot\u00ed\u017ee, jsou dlouhodob\u011b nemocn\u00ed nebo t\u011bhotn\u00e9 a koj\u00edc\u00ed \u017eeny. Ka\u017edop\u00e1dn\u011b v\u00fdsledky m\u00e1 a nesm\u00ed se samoz\u0159ejm\u011b zapomenout na tekutiny. Nejlep\u0161\u00ed je \u010dist\u00e1 voda, ale nezatracuj\u00ed se ani neslazen\u00e9 ovocn\u00e9 \u010daje.                                                                                                                                                                                                                                                                                                                                                                                          4.6\/5 - (13 votes)        "},{"@context":"https:\/\/schema.org\/","@type":"BreadcrumbList","itemListElement":[{"@type":"ListItem","position":1,"name":"Zrcadlo, v\u00e1ha a u\u017e i \u0161atn\u00edk \u2013 v\u0161echno je proti n\u00e1m","item":"https:\/\/www.astrajs.cz\/zrcadlo-vaha-a-uz-i-satnik-vsechno-je-proti-nam\/#breadcrumbitem"}]}]