[{"@context":"https:\/\/schema.org\/","@type":"Article","@id":"https:\/\/www.astrajs.cz\/obytna-kuchyn\/#Article","mainEntityOfPage":"https:\/\/www.astrajs.cz\/obytna-kuchyn\/","headline":"Obytn\u00e1 kuchy\u0148","name":"Obytn\u00e1 kuchy\u0148","description":"Jak jsme ji\u017e v\u00fd\u0161e zmi\u0148ovali, trendem posledn\u00edch p\u00e1r let je pr\u00e1v\u011b obytn\u00e1 kuchy\u0148. Jedn\u00e1 se o propojen\u00ed kuchyn\u011b s ob\u00fdvac\u00edm pokojem. Na jednu stranu se zd\u00e1, \u017ee se jedn\u00e1 o v\u00fdborn\u00e9 \u0159e\u0161en\u00ed, kter\u00e9 p\u0159in\u00e1\u0161\u00ed nejen \u00fasporu m\u00edsta, ale tak\u00e9 sbli\u017euje \u010dleny dom\u00e1cnosti, ale na druhou stranu ne \u00fapln\u011b ka\u017ed\u00fd je z tohoto trendu \u00fapln\u011b nad\u0161en\u00fd....","datePublished":"2018-06-18","dateModified":"2023-05-02","author":{"@type":"Person","@id":"https:\/\/www.astrajs.cz\/author\/#Person","name":"","url":"https:\/\/www.astrajs.cz\/author\/","identifier":1,"image":{"@type":"ImageObject","@id":"https:\/\/secure.gravatar.com\/avatar\/2a487990a452554e9d027cbab96c6e6e6d3b119f22a2b3fb9e2bcb7e021cd643?s=96&d=mm&r=g","url":"https:\/\/secure.gravatar.com\/avatar\/2a487990a452554e9d027cbab96c6e6e6d3b119f22a2b3fb9e2bcb7e021cd643?s=96&d=mm&r=g","height":96,"width":96}},"publisher":{"@type":"Organization","name":"astrajs.cz","logo":{"@type":"ImageObject","@id":"\/logo.png","url":"\/logo.png","width":600,"height":60}},"image":{"@type":"ImageObject","@id":"https:\/\/www.astrajs.cz\/wp-content\/uploads\/img_a320352_w1775_t1531600408.jpg","url":"https:\/\/www.astrajs.cz\/wp-content\/uploads\/img_a320352_w1775_t1531600408.jpg","height":0,"width":0},"url":"https:\/\/www.astrajs.cz\/obytna-kuchyn\/","about":["D\u016fm a zahrada"],"wordCount":428,"articleBody":" Jak jsme ji\u017e v\u00fd\u0161e zmi\u0148ovali, trendem posledn\u00edch p\u00e1r let je pr\u00e1v\u011b obytn\u00e1 kuchy\u0148. Jedn\u00e1 se o propojen\u00ed kuchyn\u011b s ob\u00fdvac\u00edm pokojem. Na jednu stranu se zd\u00e1, \u017ee se jedn\u00e1 o v\u00fdborn\u00e9 \u0159e\u0161en\u00ed, kter\u00e9 p\u0159in\u00e1\u0161\u00ed nejen \u00fasporu m\u00edsta, ale tak\u00e9 sbli\u017euje \u010dleny dom\u00e1cnosti, ale na druhou stranu ne \u00fapln\u011b ka\u017ed\u00fd je z tohoto trendu \u00fapln\u011b nad\u0161en\u00fd. Pokud hled\u00e1te n\u011bjak\u00fd d\u016fm \u010di byt, kde jsou st\u00e1le kuchy\u0148 a ob\u00fdvac\u00ed pokoj od sebe odd\u011bleny, je d\u016fle\u017eit\u00e9 d\u00edvat se ve star\u00e9 z\u00e1stavb\u011b. Ve v\u00fdstavb\u00e1ch nejnov\u011bj\u0161\u00edch najede nej\u010dast\u011bji typy bytu 2+kk nebo 3+kk. Jedn\u00e1 se tedy o propojen\u00ed kuchyn\u011b, j\u00eddelny a ob\u00fdvac\u00edho pokoje. Dan\u00fd prostor m\u016f\u017ee m\u00edt r\u016fzn\u00fd tvar. Obytn\u00e1 kuchy\u0148 m\u00e1 mnoho klad\u016f ale tak\u00e9 z\u00e1por\u016f. Mezi klady bychom mohli za\u0159adit zv\u011bt\u0161en\u00fd prostor a to d\u00edky tomu, \u017ee chyb\u00ed d\u011bl\u00edc\u00ed p\u0159\u00ed\u010dky, mo\u017enost komandov\u00e1n\u00ed man\u017eela, kter\u00fd zase nic ned\u011bl\u00e1 a jen le\u017e\u00ed na gau\u010di, m\u00e1te pod dohledem d\u011bti, kter\u00e9 si hraj\u00ed nebo d\u011blaj\u00ed \u00fakoly na j\u00eddeln\u00edm stole a mnoh\u00e9 dal\u0161\u00ed. Mezi nev\u00fdhody bychom mohli za\u0159adit \u0161\u00ed\u0159en\u00ed pachu a p\u00e1ry, pokud nen\u00ed va\u0161e digesto\u0159 tak \u00fapln\u011b kvalitn\u00ed, ru\u0161en\u00ed d\u011bt\u00ed p\u0159i d\u011bl\u00e1n\u00ed \u00fakol\u016f, nem\u016f\u017eete si dovolit nechat neuklizenou linku, \u010dasto se m\u016f\u017eete setk\u00e1vat s t\u00edm, \u017ee v\u00e1m do va\u0159en\u00ed n\u011bkdo mluv\u00ed apod. Mnoh\u00fdm ale obytn\u00e1 kuchy\u0148 vyhovuje, jeliko\u017e se r\u00e1di v kuchyni pohybuj\u00ed, a kdy\u017e maj\u00ed nap\u0159\u00edklad n\u00e1v\u0161t\u011bvu, necht\u011bj\u00ed si nechat uj\u00edt rozhovor, kter\u00fd je veden v ob\u00fdvac\u00edm pokoji na pohovce. M\u00e1 to ale i sv\u00e9 dal\u0161\u00ed v\u00fdhody, jako nap\u0159\u00edklad tu, \u017ee kdy\u017e budete va\u0159it, va\u0161e drah\u00e1 polovi\u010dka v\u00e1m m\u016f\u017ee p\u0159e\u010d\u00edst noviny nebo \u010dl\u00e1nky na kter\u00e9 zrovna naraz\u00ed. Nav\u00edc pokud m\u00e1te m\u00e1le d\u011bti, kter\u00e9 je pot\u0159eba kontrolovat, je to opravdu v\u00fdborn\u00e9, proto\u017ee jak zn\u00e1me d\u011bti, kdy\u017e zmiz\u00ed za roh a je ticho, nev\u011bst\u00ed to nic dobr\u00e9ho. Ur\u010dit\u011b je rozd\u00edl v tom, kdy\u017e jdete k n\u011bkomu na n\u00e1v\u0161t\u011bvu a on obytnou kuchy\u0148 nevlastn\u00ed a mus\u00ed na v\u00e1s hul\u00e1kat z kuchyn\u011b a v tom, kdy\u017e na sebe nemus\u00edte k\u0159i\u010det d\u00edky propojen\u00ed.                                                                                                                                                                                                                                                                                                                                                                                          3.8\/5 - (5 votes)        "},{"@context":"https:\/\/schema.org\/","@type":"BreadcrumbList","itemListElement":[{"@type":"ListItem","position":1,"name":"Obytn\u00e1 kuchy\u0148","item":"https:\/\/www.astrajs.cz\/obytna-kuchyn\/#breadcrumbitem"}]}]